{"id":1006,"date":"2026-04-28T11:51:24","date_gmt":"2026-04-28T09:51:24","guid":{"rendered":"https:\/\/swimwearbarcelona.com\/?p=1006"},"modified":"2026-04-28T11:53:48","modified_gmt":"2026-04-28T09:53:48","slug":"swimwear-barcelona-ya-tiene-fechas","status":"publish","type":"post","link":"https:\/\/swimwearbarcelona.com\/en\/swimwear-barcelona-ya-tiene-fechas\/","title":{"rendered":"Swimwear Barcelona ya tiene fechas"},"content":{"rendered":"\n<p><em><a href=\"https:\/\/swimwearbarcelona.com\/eventos\/\">Del 30 de septiembre al 1 de octubre<\/a>, la quinta edici\u00f3n de la feria internacional, punto de encuentro del sector textil de moda ba\u00f1o, deportiva y accesorios, contar\u00e1 con m\u00e1s de 40 expositores que presentar\u00e1n m\u00e1s de 70 colecciones de cara a la temporada PV\u00b428.<\/em><\/p>\n\n\n\n<p>El sal\u00f3n Swimwear Barcelona, la feria internacional textil de moda ba\u00f1o, deportiva y accesorios confirma las fechas de su pr\u00f3xima edici\u00f3n, la quinta, que se celebrar\u00e1 los pr\u00f3ximos d\u00edas 30 de septiembre a 1 de octubre en el barcelon\u00e9s World Trade Center, un marco incomparable y muy representativo de la capital catalana por su ubicaci\u00f3n frente al mar.<\/p>\n\n\n\n<figure class=\"wp-block-image aligncenter size-large is-resized\"><img loading=\"lazy\" decoding=\"async\" width=\"819\" height=\"1024\" src=\"https:\/\/swimwearbarcelona.com\/wp-content\/uploads\/2026\/04\/Instagram-SWB-2026_1080x1350-819x1024.jpeg\" alt=\"\" class=\"wp-image-1008\" style=\"width:512px;height:auto\" srcset=\"https:\/\/swimwearbarcelona.com\/wp-content\/uploads\/2026\/04\/Instagram-SWB-2026_1080x1350-819x1024.jpeg 819w, https:\/\/swimwearbarcelona.com\/wp-content\/uploads\/2026\/04\/Instagram-SWB-2026_1080x1350-240x300.jpeg 240w, https:\/\/swimwearbarcelona.com\/wp-content\/uploads\/2026\/04\/Instagram-SWB-2026_1080x1350-768x960.jpeg 768w, https:\/\/swimwearbarcelona.com\/wp-content\/uploads\/2026\/04\/Instagram-SWB-2026_1080x1350.jpeg 960w\" sizes=\"auto, (max-width: 819px) 100vw, 819px\" \/><\/figure>\n\n\n\n<p>As\u00ed, a m\u00e1s de cinco meses para la celebraci\u00f3n del evento, la organizaci\u00f3n cuenta ya con 40 expositores confirmados, que presentar\u00e1n m\u00e1s de 70 colecciones de cara a la temporada Primavera\/Verano 2028 mientras trabaja para completar la superficie expositiva y preparar un programa complementario que incluye conferencias, talleres creativos y mesas redondas sobre sostenibilidad, Inteligencia Artificial y otras materias aplicadas al sector textil.<\/p>\n\n\n\n<p>\u201c<em>En una industria en constante evoluci\u00f3n, m\u00e1s que una feria, Swimwear Barcelona es un espacio din\u00e1mico e interactivo para conocer las \u00faltimas tendencias del mercado, descubrir las innovaciones a nivel textil, buscar inspiraci\u00f3n para futuras colecciones y generar networking y oportunidades de negocio. Todo ello en un ambiente profesional, distendido y en un marco incomparable<\/em>\u201d asegura Xavier Llamas, director de Swimwear Barcelona.<\/p>\n\n\n\n<figure class=\"wp-block-image size-full\"><img loading=\"lazy\" decoding=\"async\" width=\"850\" height=\"567\" src=\"https:\/\/swimwearbarcelona.com\/wp-content\/uploads\/2026\/04\/IMG_5425-copia.jpg\" alt=\"\" class=\"wp-image-1027\" srcset=\"https:\/\/swimwearbarcelona.com\/wp-content\/uploads\/2026\/04\/IMG_5425-copia.jpg 850w, https:\/\/swimwearbarcelona.com\/wp-content\/uploads\/2026\/04\/IMG_5425-copia-300x200.jpg 300w, https:\/\/swimwearbarcelona.com\/wp-content\/uploads\/2026\/04\/IMG_5425-copia-768x512.jpg 768w\" sizes=\"auto, (max-width: 850px) 100vw, 850px\" \/><\/figure>\n\n\n\n<p><strong>Internacionalizaci\u00f3n del evento<\/strong><\/p>\n\n\n\n<p>Con el foco puesto en internacionalizar la muestra textil de moda ba\u00f1o y complementos barcelonesa, Swimwear Barcelona est\u00e1 trabajando adem\u00e1s en una campa\u00f1a de comunicaci\u00f3n, promoci\u00f3n y captaci\u00f3n a nivel europeo en pa\u00edses como Francia, Italia, Alemania y <a href=\"https:\/\/underlinesmagazine.com\/2025\/06\/09\/barcelona-european-beachwear-capital\/\">Reino Unido<\/a>, entre otros, con el objetivo de aumentar la afluencia de visitantes y compradores profesionales de todos estos pa\u00edses y erigirse en referente sectorial a nivel europeo.<\/p>\n\n\n\n<figure class=\"wp-block-gallery has-nested-images columns-default is-cropped wp-block-gallery-1 is-layout-flex wp-block-gallery-is-layout-flex\">\n<figure class=\"wp-block-image size-full\"><img loading=\"lazy\" decoding=\"async\" width=\"567\" height=\"709\" data-id=\"1029\" src=\"https:\/\/swimwearbarcelona.com\/wp-content\/uploads\/2026\/04\/IMG_5266-2-copia.jpg\" alt=\"\" class=\"wp-image-1029\" srcset=\"https:\/\/swimwearbarcelona.com\/wp-content\/uploads\/2026\/04\/IMG_5266-2-copia.jpg 567w, https:\/\/swimwearbarcelona.com\/wp-content\/uploads\/2026\/04\/IMG_5266-2-copia-240x300.jpg 240w\" sizes=\"auto, (max-width: 567px) 100vw, 567px\" \/><\/figure>\n\n\n\n<figure class=\"wp-block-image size-full\"><img loading=\"lazy\" decoding=\"async\" width=\"567\" height=\"709\" data-id=\"1031\" src=\"https:\/\/swimwearbarcelona.com\/wp-content\/uploads\/2026\/04\/IMG_5394-2-copia.jpg\" alt=\"\" class=\"wp-image-1031\" srcset=\"https:\/\/swimwearbarcelona.com\/wp-content\/uploads\/2026\/04\/IMG_5394-2-copia.jpg 567w, https:\/\/swimwearbarcelona.com\/wp-content\/uploads\/2026\/04\/IMG_5394-2-copia-240x300.jpg 240w\" sizes=\"auto, (max-width: 567px) 100vw, 567px\" \/><\/figure>\n<\/figure>\n\n\n\n<p><strong>Una imagen renovada<\/strong><\/p>\n\n\n\n<p>Swimwear Barcelona presenta adem\u00e1s una nueva identidad visual que transmite frescura, energ\u00eda y estilo de vida mediterr\u00e1neo a trav\u00e9s de una escena aspiracional vinculada al verano y la moda, reflejando adem\u00e1s la evoluci\u00f3n y el posicionamiento actual de la muestra:\u00a0 una feria din\u00e1mica, internacional y plenamente conectada con el universo beachwear, resortwear y los accesorios de ba\u00f1o.<\/p>\n\n\n\n<figure class=\"wp-block-gallery has-nested-images columns-default is-cropped wp-block-gallery-2 is-layout-flex wp-block-gallery-is-layout-flex\">\n<figure class=\"wp-block-image size-full\"><img loading=\"lazy\" decoding=\"async\" width=\"567\" height=\"709\" data-id=\"1033\" src=\"https:\/\/swimwearbarcelona.com\/wp-content\/uploads\/2026\/04\/IMG_5441-2-copia.jpg\" alt=\"\" class=\"wp-image-1033\" srcset=\"https:\/\/swimwearbarcelona.com\/wp-content\/uploads\/2026\/04\/IMG_5441-2-copia.jpg 567w, https:\/\/swimwearbarcelona.com\/wp-content\/uploads\/2026\/04\/IMG_5441-2-copia-240x300.jpg 240w\" sizes=\"auto, (max-width: 567px) 100vw, 567px\" \/><\/figure>\n\n\n\n<figure class=\"wp-block-image size-full\"><img loading=\"lazy\" decoding=\"async\" width=\"567\" height=\"709\" data-id=\"1036\" src=\"https:\/\/swimwearbarcelona.com\/wp-content\/uploads\/2026\/04\/IMG_5485_i-2-copia.jpg\" alt=\"\" class=\"wp-image-1036\" srcset=\"https:\/\/swimwearbarcelona.com\/wp-content\/uploads\/2026\/04\/IMG_5485_i-2-copia.jpg 567w, https:\/\/swimwearbarcelona.com\/wp-content\/uploads\/2026\/04\/IMG_5485_i-2-copia-240x300.jpg 240w\" sizes=\"auto, (max-width: 567px) 100vw, 567px\" \/><\/figure>\n<\/figure>\n\n\n\n<p>La renovada gr\u00e1fica apuesta por una est\u00e9tica contempor\u00e1nea, luminosa y de gran impacto, concebida para reforzar la visibilidad de la marca y captar de forma inmediata la atenci\u00f3n de compradores, profesionales y empresas del sector.<\/p>\n","protected":false},"excerpt":{"rendered":"<p>Del 30 de septiembre al 1 de octubre, la quinta edici\u00f3n de la feria internacional, punto de encuentro del sector textil de moda ba\u00f1o, deportiva y accesorios, contar\u00e1 con m\u00e1s&#8230;<\/p>\n","protected":false},"author":2,"featured_media":1040,"comment_status":"open","ping_status":"open","sticky":false,"template":"","format":"standard","meta":{"_acf_changed":false,"footnotes":""},"categories":[7],"tags":[],"class_list":{"0":"post-1006","1":"post","2":"type-post","3":"status-publish","4":"format-standard","5":"has-post-thumbnail","7":"category-noticias"},"acf":[],"_links":{"self":[{"href":"https:\/\/swimwearbarcelona.com\/en\/wp-json\/wp\/v2\/posts\/1006","targetHints":{"allow":["GET"]}}],"collection":[{"href":"https:\/\/swimwearbarcelona.com\/en\/wp-json\/wp\/v2\/posts"}],"about":[{"href":"https:\/\/swimwearbarcelona.com\/en\/wp-json\/wp\/v2\/types\/post"}],"author":[{"embeddable":true,"href":"https:\/\/swimwearbarcelona.com\/en\/wp-json\/wp\/v2\/users\/2"}],"replies":[{"embeddable":true,"href":"https:\/\/swimwearbarcelona.com\/en\/wp-json\/wp\/v2\/comments?post=1006"}],"version-history":[{"count":7,"href":"https:\/\/swimwearbarcelona.com\/en\/wp-json\/wp\/v2\/posts\/1006\/revisions"}],"predecessor-version":[{"id":1039,"href":"https:\/\/swimwearbarcelona.com\/en\/wp-json\/wp\/v2\/posts\/1006\/revisions\/1039"}],"wp:featuredmedia":[{"embeddable":true,"href":"https:\/\/swimwearbarcelona.com\/en\/wp-json\/wp\/v2\/media\/1040"}],"wp:attachment":[{"href":"https:\/\/swimwearbarcelona.com\/en\/wp-json\/wp\/v2\/media?parent=1006"}],"wp:term":[{"taxonomy":"category","embeddable":true,"href":"https:\/\/swimwearbarcelona.com\/en\/wp-json\/wp\/v2\/categories?post=1006"},{"taxonomy":"post_tag","embeddable":true,"href":"https:\/\/swimwearbarcelona.com\/en\/wp-json\/wp\/v2\/tags?post=1006"}],"curies":[{"name":"wp","href":"https:\/\/api.w.org\/{rel}","templated":true}]}}